{"id":78178,"date":"2026-05-13T13:48:45","date_gmt":"2026-05-13T13:48:45","guid":{"rendered":"https:\/\/www.brighettibrocciatori.com\/2026\/05\/13\/brighetti-meccanica-innovacion-digitalizacion-y-crecimiento-internacional-gracias-a-los-fondos-europeos\/"},"modified":"2026-08-17T18:42:32","modified_gmt":"2026-08-17T18:42:32","slug":"brighetti-meccanica-innovacion-digitalizacion-y-crecimiento-internacional-gracias-a-los-fondos-europeos","status":"publish","type":"post","link":"https:\/\/www.brighettibrocciatori.com\/es\/2026\/05\/13\/brighetti-meccanica-innovacion-digitalizacion-y-crecimiento-internacional-gracias-a-los-fondos-europeos\/","title":{"rendered":"Brighetti Meccanica: innovaci\u00f3n, digitalizaci\u00f3n y crecimiento internacional gracias a los fondos europeos"},"content":{"rendered":"\n<p class=\"wp-block-paragraph\">Brighetti Meccanica sigue invirtiendo en el desarrollo tecnol\u00f3gico y en la competitividad de la empresa a trav\u00e9s de proyectos llevados a cabo con el apoyo de <strong>los fondos europeos de la regi\u00f3n de Emilia-Roma\u00f1a<\/strong>. Un camino que combina la innovaci\u00f3n en la producci\u00f3n, la digitalizaci\u00f3n de los procesos y la apertura a nuevos mercados internacionales. <\/p>\n\n<h2 class=\"wp-block-heading\">Digitalizaci\u00f3n del departamento de herramientas y nueva afiladora CNC<\/h2>\n\n<p class=\"wp-block-paragraph\">Una de las intervenciones m\u00e1s importantes tiene que ver con la <strong>sustituci\u00f3n de la afiladora y la digitalizaci\u00f3n del departamento de herramientas mediante la incorporaci\u00f3n de una afiladora CNC<\/strong>. El proyecto prev\u00e9 la sustituci\u00f3n de una afiladora obsoleta por una de nueva tecnolog\u00eda, capaz de permitir un proceso completo de <strong>fabricaci\u00f3n digital<\/strong> en el departamento de afilado. <\/p>\n\n<p class=\"wp-block-paragraph\">Esta inversi\u00f3n supone un paso estrat\u00e9gico para Brighetti Meccanica, ya que permite modernizar el departamento de herramientas, controlarlo mejor e integrarlo con los sistemas de la empresa. De hecho, la nueva afiladora est\u00e1 conectada al sistema MES de la empresa a trav\u00e9s del protocolo <strong>OPC-UA<\/strong>, lo que permite el intercambio bidireccional de datos de producci\u00f3n. <\/p>\n\n<p class=\"wp-block-paragraph\">La digitalizaci\u00f3n del departamento de afilado permite mejorar la organizaci\u00f3n del trabajo, la gesti\u00f3n de los datos de producci\u00f3n y el control de los procesos. En un sector como el de la mec\u00e1nica de precisi\u00f3n, donde la fiabilidad, la repetibilidad y la calidad son elementos fundamentales, la integraci\u00f3n de tecnolog\u00edas CNC y sistemas digitales permite reforzar a\u00fan m\u00e1s la eficiencia productiva. <\/p>\n\n<h2 class=\"wp-block-heading\">Una inversi\u00f3n al servicio de la calidad en la producci\u00f3n<\/h2>\n\n<p class=\"wp-block-paragraph\">Para Brighetti Meccanica, innovar significa mejorar de verdad cada fase del proceso de producci\u00f3n. Cambiar una m\u00e1quina obsoleta no es solo una actualizaci\u00f3n tecnol\u00f3gica, sino una aut\u00e9ntica modernizaci\u00f3n interna. <\/p>\n\n<p class=\"wp-block-paragraph\">El departamento de herramientas juega un papel fundamental en la producci\u00f3n de la empresa, ya que se encarga de la fabricaci\u00f3n y la gesti\u00f3n de las herramientas para el mecanizado. Hacer que este departamento sea m\u00e1s digital, est\u00e9 m\u00e1s conectado y sea m\u00e1s eficiente significa aumentar la capacidad de control, reducir las ineficiencias y garantizar una mayor continuidad en la calidad. <\/p>\n\n<p class=\"wp-block-paragraph\">Este proyecto confirma la voluntad de la empresa de seguir por un camino de crecimiento basado en la tecnolog\u00eda, la competencia t\u00e9cnica y la atenci\u00f3n a la calidad.<\/p>\n\n<figure class=\"wp-block-image size-large\"><img fetchpriority=\"high\" decoding=\"async\" width=\"1024\" height=\"237\" src=\"https:\/\/www.brighettibrocciatori.com\/wp-content\/uploads\/2026\/04\/Screenshot-2026-04-09-alle-00.16.57-1024x237.png\" alt=\"\" class=\"wp-image-77146\" srcset=\"https:\/\/www.brighettibrocciatori.com\/wp-content\/uploads\/2026\/04\/Screenshot-2026-04-09-alle-00.16.57-1024x237.png 1024w, https:\/\/www.brighettibrocciatori.com\/wp-content\/uploads\/2026\/04\/Screenshot-2026-04-09-alle-00.16.57-300x69.png 300w, https:\/\/www.brighettibrocciatori.com\/wp-content\/uploads\/2026\/04\/Screenshot-2026-04-09-alle-00.16.57-768x178.png 768w, https:\/\/www.brighettibrocciatori.com\/wp-content\/uploads\/2026\/04\/Screenshot-2026-04-09-alle-00.16.57-1536x356.png 1536w, https:\/\/www.brighettibrocciatori.com\/wp-content\/uploads\/2026\/04\/Screenshot-2026-04-09-alle-00.16.57.png 1960w\" sizes=\"(max-width: 1024px) 100vw, 1024px\" \/><\/figure>\n\n<h2 class=\"wp-block-heading\">Participaci\u00f3n en ferias internacionales de ingenier\u00eda mec\u00e1nica<\/h2>\n\n<p class=\"wp-block-paragraph\">Adem\u00e1s de las inversiones en producci\u00f3n, Brighetti Meccanica tambi\u00e9n ha desarrollado actividades dedicadas a la promoci\u00f3n internacional. Durante 2023, la empresa particip\u00f3 en dos importantes ferias internacionales de mec\u00e1nica: <strong>Global Industrie en Lyon<\/strong> y <strong>EMO en Hannover<\/strong>, con el objetivo de promocionar sus productos a nivel mundial. <\/p>\n\n<p class=\"wp-block-paragraph\">Estos eventos han sido una gran oportunidad para mostrar al mercado la capacidad innovadora de la empresa, sobre todo gracias a la patente relacionada con <strong>la<\/strong> nueva <strong>broca con paso interno de refrigerante<\/strong>.<\/p>\n\n<p class=\"wp-block-paragraph\">La participaci\u00f3n en ferias internacionales de referencia ha permitido a Brighetti Meccanica aumentar su visibilidad y fortalecer sus v\u00ednculos con mercados clave para su desarrollo.<\/p>\n\n<h2 class=\"wp-block-heading\">Alemania y Francia: dos mercados clave para el crecimiento<\/h2>\n\n<p class=\"wp-block-paragraph\">La participaci\u00f3n en ferias internacionales ha ayudado a aumentar la presencia de Brighetti Meccanica en dos mercados especialmente importantes: el alem\u00e1n y el franc\u00e9s. El mercado alem\u00e1n siempre ha sido un \u00e1rea de gran inter\u00e9s para la empresa, mientras que Francia se perfila como un mercado en el que Brighetti pretende expandirse con fuerza en un futuro pr\u00f3ximo. <\/p>\n\n<p class=\"wp-block-paragraph\">Esta estrategia confirma la voluntad de la empresa de sacar partido a sus conocimientos t\u00e9cnicos tambi\u00e9n fuera de las fronteras nacionales, llevando la experiencia t\u00e9cnica italiana a entornos industriales muy competitivos.<\/p>\n\n<h2 class=\"wp-block-heading\">Fondos europeos, tecnolog\u00eda y competitividad<\/h2>\n\n<p class=\"wp-block-paragraph\">Los proyectos llevados a cabo gracias a los fondos europeos de la regi\u00f3n de Emilia-Roma\u00f1a suponen para Brighetti Meccanica una oportunidad real para reforzar su competitividad. Por un lado, la empresa invierte en la digitalizaci\u00f3n del departamento de afilado; por otro, consolida su presencia comercial y t\u00e9cnica en los mercados internacionales. <\/p>\n\n<p class=\"wp-block-paragraph\">Esta doble estrategia refleja una visi\u00f3n clara: crecer a trav\u00e9s de la innovaci\u00f3n, mejorar los procesos internos y lanzar al mercado productos cada vez m\u00e1s avanzados.<\/p>\n\n<h2 class=\"wp-block-heading\">Una visi\u00f3n orientada al futuro<\/h2>\n\n<p class=\"wp-block-paragraph\">La mec\u00e1nica de precisi\u00f3n requiere inversiones constantes, actualizaci\u00f3n tecnol\u00f3gica y la capacidad de responder a las necesidades de un mercado en constante evoluci\u00f3n. Brighetti Meccanica sigue su camino apostando por la digitalizaci\u00f3n, la automatizaci\u00f3n y la internacionalizaci\u00f3n. <\/p>\n\n<p class=\"wp-block-paragraph\">La sustituci\u00f3n de la afiladora, la integraci\u00f3n con el sistema MES de la empresa y la participaci\u00f3n en las principales ferias europeas de mec\u00e1nica son piezas clave de una estrategia m\u00e1s amplia, orientada a hacer que la empresa sea cada vez m\u00e1s eficiente, competitiva y reconocida en el panorama industrial internacional.<\/p>\n\n<hr class=\"wp-block-separator has-alpha-channel-opacity\"\/>\n\n<h2 class=\"wp-block-heading\">T\u00edtulo SEO<\/h2>\n\n<p class=\"wp-block-paragraph\">Brighetti Meccanica invierte en innovaci\u00f3n y digitalizaci\u00f3n con fondos europeos<\/p>\n\n<h2 class=\"wp-block-heading\">Descripci\u00f3n meta SEO<\/h2>\n\n<p class=\"wp-block-paragraph\">Brighetti Meccanica lleva a cabo proyectos financiados por los fondos europeos de la regi\u00f3n de Emilia-Roma\u00f1a: digitalizaci\u00f3n del departamento de herramientas, una nueva afiladora CNC y participaci\u00f3n en ferias internacionales.<\/p>\n\n<h2 class=\"wp-block-heading\">Slug recomendado<\/h2>\n\n<p class=\"wp-block-paragraph\">brighetti-mec\u00e1nica-fondos-europeos-digitalizaci\u00f3n-internacionalizaci\u00f3n<\/p>\n\n<h2 class=\"wp-block-heading\">Frase corta para la vista previa del blog<\/h2>\n\n<p class=\"wp-block-paragraph\">Brighetti Meccanica refuerza su apuesta por la innovaci\u00f3n gracias a los fondos europeos, invirtiendo en la digitalizaci\u00f3n del departamento de herramientas y en su expansi\u00f3n en los mercados internacionales.<\/p>\n","protected":false},"excerpt":{"rendered":"<p>Brighetti Meccanica sigue invirtiendo en el desarrollo tecnol\u00f3gico y en la competitividad de la empresa a trav\u00e9s de proyectos llevados [&hellip;]<\/p>\n","protected":false},"author":1,"featured_media":77602,"comment_status":"open","ping_status":"open","sticky":false,"template":"","format":"standard","meta":{"postBodyCss":"","postBodyMargin":[],"postBodyPadding":[],"postBodyBackground":{"backgroundType":"classic","gradient":""},"site-sidebar-layout":"default","site-content-layout":"","ast-site-content-layout":"default","site-content-style":"default","site-sidebar-style":"default","ast-global-header-display":"","ast-banner-title-visibility":"","ast-main-header-display":"","ast-hfb-above-header-display":"","ast-hfb-below-header-display":"","ast-hfb-mobile-header-display":"","site-post-title":"","ast-breadcrumbs-content":"","ast-featured-img":"","footer-sml-layout":"","ast-disable-related-posts":"","theme-transparent-header-meta":"","adv-header-id-meta":"","stick-header-meta":"","header-above-stick-meta":"","header-main-stick-meta":"","header-below-stick-meta":"","astra-migrate-meta-layouts":"default","ast-page-background-enabled":"default","ast-page-background-meta":{"desktop":{"background-color":"var(--ast-global-color-4)","background-image":"","background-repeat":"repeat","background-position":"center center","background-size":"auto","background-attachment":"scroll","background-type":"","background-media":"","overlay-type":"","overlay-color":"","overlay-opacity":"","overlay-gradient":""},"tablet":{"background-color":"","background-image":"","background-repeat":"repeat","background-position":"center center","background-size":"auto","background-attachment":"scroll","background-type":"","background-media":"","overlay-type":"","overlay-color":"","overlay-opacity":"","overlay-gradient":""},"mobile":{"background-color":"","background-image":"","background-repeat":"repeat","background-position":"center center","background-size":"auto","background-attachment":"scroll","background-type":"","background-media":"","overlay-type":"","overlay-color":"","overlay-opacity":"","overlay-gradient":""}},"ast-content-background-meta":{"desktop":{"background-color":"var(--ast-global-color-5)","background-image":"","background-repeat":"repeat","background-position":"center center","background-size":"auto","background-attachment":"scroll","background-type":"","background-media":"","overlay-type":"","overlay-color":"","overlay-opacity":"","overlay-gradient":""},"tablet":{"background-color":"var(--ast-global-color-5)","background-image":"","background-repeat":"repeat","background-position":"center center","background-size":"auto","background-attachment":"scroll","background-type":"","background-media":"","overlay-type":"","overlay-color":"","overlay-opacity":"","overlay-gradient":""},"mobile":{"background-color":"var(--ast-global-color-5)","background-image":"","background-repeat":"repeat","background-position":"center center","background-size":"auto","background-attachment":"scroll","background-type":"","background-media":"","overlay-type":"","overlay-color":"","overlay-opacity":"","overlay-gradient":""}},"footnotes":""},"categories":[541],"tags":[],"class_list":["post-78178","post","type-post","status-publish","format-standard","has-post-thumbnail","hentry","category-fondos-europeos"],"_links":{"self":[{"href":"https:\/\/www.brighettibrocciatori.com\/es\/wp-json\/wp\/v2\/posts\/78178","targetHints":{"allow":["GET"]}}],"collection":[{"href":"https:\/\/www.brighettibrocciatori.com\/es\/wp-json\/wp\/v2\/posts"}],"about":[{"href":"https:\/\/www.brighettibrocciatori.com\/es\/wp-json\/wp\/v2\/types\/post"}],"author":[{"embeddable":true,"href":"https:\/\/www.brighettibrocciatori.com\/es\/wp-json\/wp\/v2\/users\/1"}],"replies":[{"embeddable":true,"href":"https:\/\/www.brighettibrocciatori.com\/es\/wp-json\/wp\/v2\/comments?post=78178"}],"version-history":[{"count":1,"href":"https:\/\/www.brighettibrocciatori.com\/es\/wp-json\/wp\/v2\/posts\/78178\/revisions"}],"predecessor-version":[{"id":78181,"href":"https:\/\/www.brighettibrocciatori.com\/es\/wp-json\/wp\/v2\/posts\/78178\/revisions\/78181"}],"wp:featuredmedia":[{"embeddable":true,"href":"https:\/\/www.brighettibrocciatori.com\/es\/wp-json\/wp\/v2\/media\/77602"}],"wp:attachment":[{"href":"https:\/\/www.brighettibrocciatori.com\/es\/wp-json\/wp\/v2\/media?parent=78178"}],"wp:term":[{"taxonomy":"category","embeddable":true,"href":"https:\/\/www.brighettibrocciatori.com\/es\/wp-json\/wp\/v2\/categories?post=78178"},{"taxonomy":"post_tag","embeddable":true,"href":"https:\/\/www.brighettibrocciatori.com\/es\/wp-json\/wp\/v2\/tags?post=78178"}],"curies":[{"name":"wp","href":"https:\/\/api.w.org\/{rel}","templated":true}]}}