{"id":78184,"date":"2026-05-13T13:48:45","date_gmt":"2026-05-13T13:48:45","guid":{"rendered":"https:\/\/www.brighettibrocciatori.com\/2026\/05\/13\/brighetti-meccanica-innovation-numerisation-et-croissance-internationale-grace-aux-fonds-europeens\/"},"modified":"2026-08-17T18:42:32","modified_gmt":"2026-08-17T18:42:32","slug":"brighetti-meccanica-innovation-numerisation-et-croissance-internationale-grace-aux-fonds-europeens","status":"publish","type":"post","link":"https:\/\/www.brighettibrocciatori.com\/fr\/2026\/05\/13\/brighetti-meccanica-innovation-numerisation-et-croissance-internationale-grace-aux-fonds-europeens\/","title":{"rendered":"Brighetti Meccanica : innovation, num\u00e9risation et croissance internationale gr\u00e2ce aux fonds europ\u00e9ens"},"content":{"rendered":"\n<p class=\"wp-block-paragraph\">Brighetti Meccanica continue d&rsquo;investir dans le d\u00e9veloppement technologique et la comp\u00e9titivit\u00e9 de l&rsquo;entreprise gr\u00e2ce \u00e0 des projets men\u00e9s avec le soutien des <strong>fonds europ\u00e9ens de la r\u00e9gion \u00c9milie-Romagne<\/strong>. Une d\u00e9marche qui allie innovation en mati\u00e8re de production, num\u00e9risation des processus et ouverture vers de nouveaux march\u00e9s internationaux. <\/p>\n\n<h2 class=\"wp-block-heading\">Num\u00e9risation de l&rsquo;atelier d&rsquo;outillage et nouvelle aff\u00fbteuse CNC<\/h2>\n\n<p class=\"wp-block-paragraph\">L&rsquo;une des interventions les plus importantes concerne le <strong>remplacement de l&rsquo;aff\u00fbteuse et la num\u00e9risation de l&rsquo;atelier d&rsquo;outillage gr\u00e2ce \u00e0 l&rsquo;int\u00e9gration d&rsquo;une aff\u00fbteuse \u00e0 commande num\u00e9rique<\/strong>. Le projet pr\u00e9voit le remplacement d&rsquo;une aff\u00fbteuse obsol\u00e8te par une nouvelle technologie, capable de permettre un processus complet de <strong>fabrication num\u00e9rique<\/strong> au sein de l&rsquo;atelier d&rsquo;aff\u00fbtage. <\/p>\n\n<p class=\"wp-block-paragraph\">Cet investissement constitue une \u00e9tape strat\u00e9gique pour Brighetti Meccanica, car il permet de moderniser le service d&rsquo;outillage, d&rsquo;en am\u00e9liorer le contr\u00f4le et de l&rsquo;int\u00e9grer aux syst\u00e8mes de l&rsquo;entreprise. La nouvelle aff\u00fbteuse est en effet connect\u00e9e au syst\u00e8me MES de l&rsquo;entreprise via le protocole <strong>OPC-UA<\/strong>, ce qui permet l&rsquo;\u00e9change bidirectionnel des donn\u00e9es de production. <\/p>\n\n<p class=\"wp-block-paragraph\">La num\u00e9risation de l&rsquo;atelier d&rsquo;aff\u00fbtage permet d&rsquo;am\u00e9liorer l&rsquo;organisation du travail, la gestion des donn\u00e9es de production et le contr\u00f4le des processus. Dans un secteur tel que celui de la m\u00e9canique de pr\u00e9cision, o\u00f9 la fiabilit\u00e9, la r\u00e9p\u00e9tabilit\u00e9 et la qualit\u00e9 sont des \u00e9l\u00e9ments fondamentaux, l&rsquo;int\u00e9gration des technologies CNC et des syst\u00e8mes num\u00e9riques permet de renforcer encore davantage l&rsquo;efficacit\u00e9 de la production. <\/p>\n\n<h2 class=\"wp-block-heading\">Un investissement au service de la qualit\u00e9 de la production<\/h2>\n\n<p class=\"wp-block-paragraph\">Pour Brighetti Meccanica, innover signifie am\u00e9liorer concr\u00e8tement chaque \u00e9tape du processus de production. Le remplacement d&rsquo;une machine obsol\u00e8te ne constitue pas seulement une mise \u00e0 jour technologique, mais une v\u00e9ritable op\u00e9ration de modernisation interne. <\/p>\n\n<p class=\"wp-block-paragraph\">Le service outillage joue un r\u00f4le central dans la production de l&rsquo;entreprise, car il assure la fabrication et la gestion des outils destin\u00e9s aux op\u00e9rations d&rsquo;usinage. Rendre ce service plus num\u00e9rique, interconnect\u00e9 et performant revient \u00e0 renforcer la capacit\u00e9 de contr\u00f4le, \u00e0 r\u00e9duire les inefficacit\u00e9s et \u00e0 garantir une plus grande constance en mati\u00e8re de qualit\u00e9. <\/p>\n\n<p class=\"wp-block-paragraph\">Ce projet confirme la volont\u00e9 de l&rsquo;entreprise de poursuivre sur la voie de la croissance, en s&rsquo;appuyant sur la technologie, l&rsquo;expertise technique et le souci de la qualit\u00e9.<\/p>\n\n<figure class=\"wp-block-image size-large\"><img fetchpriority=\"high\" decoding=\"async\" width=\"1024\" height=\"237\" src=\"https:\/\/www.brighettibrocciatori.com\/wp-content\/uploads\/2026\/04\/Screenshot-2026-04-09-alle-00.16.57-1024x237.png\" alt=\"\" class=\"wp-image-77146\" srcset=\"https:\/\/www.brighettibrocciatori.com\/wp-content\/uploads\/2026\/04\/Screenshot-2026-04-09-alle-00.16.57-1024x237.png 1024w, https:\/\/www.brighettibrocciatori.com\/wp-content\/uploads\/2026\/04\/Screenshot-2026-04-09-alle-00.16.57-300x69.png 300w, https:\/\/www.brighettibrocciatori.com\/wp-content\/uploads\/2026\/04\/Screenshot-2026-04-09-alle-00.16.57-768x178.png 768w, https:\/\/www.brighettibrocciatori.com\/wp-content\/uploads\/2026\/04\/Screenshot-2026-04-09-alle-00.16.57-1536x356.png 1536w, https:\/\/www.brighettibrocciatori.com\/wp-content\/uploads\/2026\/04\/Screenshot-2026-04-09-alle-00.16.57.png 1960w\" sizes=\"(max-width: 1024px) 100vw, 1024px\" \/><\/figure>\n\n<h2 class=\"wp-block-heading\">Participation aux salons internationaux de la m\u00e9canique<\/h2>\n\n<p class=\"wp-block-paragraph\">Parall\u00e8lement \u00e0 ses investissements dans la production, Brighetti Meccanica a \u00e9galement d\u00e9velopp\u00e9 des activit\u00e9s consacr\u00e9es \u00e0 la promotion internationale. En 2023, l\u2019entreprise a particip\u00e9 \u00e0 deux grands salons internationaux de la m\u00e9canique : <strong>Global Industrie \u00e0 Lyon<\/strong> et <strong>EMO \u00e0 Hanovre<\/strong>, dans le but de promouvoir ses produits \u00e0 l\u2019\u00e9chelle mondiale. <\/p>\n\n<p class=\"wp-block-paragraph\">Ces \u00e9v\u00e9nements ont constitu\u00e9 une occasion importante de pr\u00e9senter au march\u00e9 la capacit\u00e9 d&rsquo;innovation de l&rsquo;entreprise, notamment gr\u00e2ce au brevet relatif \u00e0 <strong>la<\/strong> nouvelle <strong>brocheuse dot\u00e9e d&rsquo;un circuit de refroidissement interne<\/strong>.<\/p>\n\n<p class=\"wp-block-paragraph\">La participation \u00e0 des salons internationaux de r\u00e9f\u00e9rence a permis \u00e0 Brighetti Meccanica de renforcer sa visibilit\u00e9 et de consolider ses relations avec les march\u00e9s strat\u00e9giques pour son d\u00e9veloppement.<\/p>\n\n<h2 class=\"wp-block-heading\">L&rsquo;Allemagne et la France : deux march\u00e9s cl\u00e9s pour la croissance<\/h2>\n\n<p class=\"wp-block-paragraph\">La participation \u00e0 des salons internationaux a contribu\u00e9 \u00e0 renforcer la pr\u00e9sence de Brighetti Meccanica sur deux march\u00e9s particuli\u00e8rement importants : le march\u00e9 allemand et le march\u00e9 fran\u00e7ais. Le march\u00e9 allemand a toujours repr\u00e9sent\u00e9 un secteur d&rsquo;int\u00e9r\u00eat majeur pour l&rsquo;entreprise, tandis que la France est consid\u00e9r\u00e9e comme un march\u00e9 sur lequel Brighetti entend se d\u00e9velopper de mani\u00e8re r\u00e9solue dans un avenir proche. <\/p>\n\n<p class=\"wp-block-paragraph\">Cette strat\u00e9gie confirme la volont\u00e9 de l&rsquo;entreprise de valoriser son savoir-faire au-del\u00e0 des fronti\u00e8res nationales, en apportant l&rsquo;expertise technique italienne dans des contextes industriels hautement concurrentiels.<\/p>\n\n<h2 class=\"wp-block-heading\">Fonds europ\u00e9ens, technologie et comp\u00e9titivit\u00e9<\/h2>\n\n<p class=\"wp-block-paragraph\">Les projets men\u00e9s \u00e0 bien gr\u00e2ce aux fonds europ\u00e9ens de la r\u00e9gion \u00c9milie-Romagne constituent pour Brighetti Meccanica une opportunit\u00e9 concr\u00e8te de renforcer sa comp\u00e9titivit\u00e9. D\u2019une part, l\u2019entreprise investit dans la num\u00e9risation de son atelier d\u2019aff\u00fbtage ; d\u2019autre part, elle consolide sa pr\u00e9sence commerciale et technique sur les march\u00e9s internationaux. <\/p>\n\n<p class=\"wp-block-paragraph\">Cette double approche t\u00e9moigne d&rsquo;une vision claire : se d\u00e9velopper gr\u00e2ce \u00e0 l&rsquo;innovation, am\u00e9liorer les processus internes et proposer sur le march\u00e9 des produits toujours plus perfectionn\u00e9s.<\/p>\n\n<h2 class=\"wp-block-heading\">Une vision tourn\u00e9e vers l&rsquo;avenir<\/h2>\n\n<p class=\"wp-block-paragraph\">La m\u00e9canique de pr\u00e9cision n\u00e9cessite des investissements constants, une mise \u00e0 jour technologique et la capacit\u00e9 de r\u00e9pondre aux besoins d&rsquo;un march\u00e9 en constante \u00e9volution. Brighetti Meccanica poursuit son parcours en misant sur la num\u00e9risation, l&rsquo;automatisation et l&rsquo;internationalisation. <\/p>\n\n<p class=\"wp-block-paragraph\">Le remplacement de l&rsquo;aff\u00fbteuse, l&rsquo;int\u00e9gration au syst\u00e8me MES de l&rsquo;entreprise et la participation aux principaux salons europ\u00e9ens de la m\u00e9canique constituent les \u00e9l\u00e9ments d&rsquo;une strat\u00e9gie plus large, visant \u00e0 rendre l&rsquo;entreprise toujours plus efficace, comp\u00e9titive et reconnaissable sur la sc\u00e8ne industrielle internationale.<\/p>\n\n<hr class=\"wp-block-separator has-alpha-channel-opacity\"\/>\n\n<h2 class=\"wp-block-heading\">Titre Meta SEO<\/h2>\n\n<p class=\"wp-block-paragraph\">Brighetti Meccanica investit dans l&rsquo;innovation et la num\u00e9risation gr\u00e2ce aux fonds europ\u00e9ens<\/p>\n\n<h2 class=\"wp-block-heading\">Description m\u00e9ta SEO<\/h2>\n\n<p class=\"wp-block-paragraph\">Brighetti Meccanica r\u00e9alise des projets soutenus par les fonds europ\u00e9ens de la r\u00e9gion \u00c9milie-Romagne : num\u00e9risation de l&rsquo;atelier d&rsquo;outillage, nouvelle aff\u00fbteuse CNC et participation \u00e0 des salons internationaux.<\/p>\n\n<h2 class=\"wp-block-heading\">Slug recommand\u00e9<\/h2>\n\n<p class=\"wp-block-paragraph\">Brighetti-Meccanica-fonds europ\u00e9ens-num\u00e9risation-internationalisation<\/p>\n\n<h2 class=\"wp-block-heading\">Phrase courte pour l&rsquo;aper\u00e7u du blog<\/h2>\n\n<p class=\"wp-block-paragraph\">Brighetti Meccanica renforce sa d\u00e9marche d&rsquo;innovation gr\u00e2ce aux fonds europ\u00e9ens, en investissant dans la num\u00e9risation de son service d&rsquo;outillage et dans son d\u00e9veloppement sur les march\u00e9s internationaux.<\/p>\n","protected":false},"excerpt":{"rendered":"<p>Brighetti Meccanica continue d&rsquo;investir dans le d\u00e9veloppement technologique et la comp\u00e9titivit\u00e9 de l&rsquo;entreprise gr\u00e2ce \u00e0 des projets men\u00e9s avec le [&hellip;]<\/p>\n","protected":false},"author":1,"featured_media":77598,"comment_status":"open","ping_status":"open","sticky":false,"template":"","format":"standard","meta":{"postBodyCss":"","postBodyMargin":[],"postBodyPadding":[],"postBodyBackground":{"backgroundType":"classic","gradient":""},"site-sidebar-layout":"default","site-content-layout":"","ast-site-content-layout":"default","site-content-style":"default","site-sidebar-style":"default","ast-global-header-display":"","ast-banner-title-visibility":"","ast-main-header-display":"","ast-hfb-above-header-display":"","ast-hfb-below-header-display":"","ast-hfb-mobile-header-display":"","site-post-title":"","ast-breadcrumbs-content":"","ast-featured-img":"","footer-sml-layout":"","ast-disable-related-posts":"","theme-transparent-header-meta":"","adv-header-id-meta":"","stick-header-meta":"","header-above-stick-meta":"","header-main-stick-meta":"","header-below-stick-meta":"","astra-migrate-meta-layouts":"default","ast-page-background-enabled":"default","ast-page-background-meta":{"desktop":{"background-color":"var(--ast-global-color-4)","background-image":"","background-repeat":"repeat","background-position":"center center","background-size":"auto","background-attachment":"scroll","background-type":"","background-media":"","overlay-type":"","overlay-color":"","overlay-opacity":"","overlay-gradient":""},"tablet":{"background-color":"","background-image":"","background-repeat":"repeat","background-position":"center center","background-size":"auto","background-attachment":"scroll","background-type":"","background-media":"","overlay-type":"","overlay-color":"","overlay-opacity":"","overlay-gradient":""},"mobile":{"background-color":"","background-image":"","background-repeat":"repeat","background-position":"center center","background-size":"auto","background-attachment":"scroll","background-type":"","background-media":"","overlay-type":"","overlay-color":"","overlay-opacity":"","overlay-gradient":""}},"ast-content-background-meta":{"desktop":{"background-color":"var(--ast-global-color-5)","background-image":"","background-repeat":"repeat","background-position":"center center","background-size":"auto","background-attachment":"scroll","background-type":"","background-media":"","overlay-type":"","overlay-color":"","overlay-opacity":"","overlay-gradient":""},"tablet":{"background-color":"var(--ast-global-color-5)","background-image":"","background-repeat":"repeat","background-position":"center center","background-size":"auto","background-attachment":"scroll","background-type":"","background-media":"","overlay-type":"","overlay-color":"","overlay-opacity":"","overlay-gradient":""},"mobile":{"background-color":"var(--ast-global-color-5)","background-image":"","background-repeat":"repeat","background-position":"center center","background-size":"auto","background-attachment":"scroll","background-type":"","background-media":"","overlay-type":"","overlay-color":"","overlay-opacity":"","overlay-gradient":""}},"footnotes":""},"categories":[542],"tags":[],"class_list":["post-78184","post","type-post","status-publish","format-standard","has-post-thumbnail","hentry","category-fonds-europeens"],"_links":{"self":[{"href":"https:\/\/www.brighettibrocciatori.com\/fr\/wp-json\/wp\/v2\/posts\/78184","targetHints":{"allow":["GET"]}}],"collection":[{"href":"https:\/\/www.brighettibrocciatori.com\/fr\/wp-json\/wp\/v2\/posts"}],"about":[{"href":"https:\/\/www.brighettibrocciatori.com\/fr\/wp-json\/wp\/v2\/types\/post"}],"author":[{"embeddable":true,"href":"https:\/\/www.brighettibrocciatori.com\/fr\/wp-json\/wp\/v2\/users\/1"}],"replies":[{"embeddable":true,"href":"https:\/\/www.brighettibrocciatori.com\/fr\/wp-json\/wp\/v2\/comments?post=78184"}],"version-history":[{"count":1,"href":"https:\/\/www.brighettibrocciatori.com\/fr\/wp-json\/wp\/v2\/posts\/78184\/revisions"}],"predecessor-version":[{"id":78185,"href":"https:\/\/www.brighettibrocciatori.com\/fr\/wp-json\/wp\/v2\/posts\/78184\/revisions\/78185"}],"wp:featuredmedia":[{"embeddable":true,"href":"https:\/\/www.brighettibrocciatori.com\/fr\/wp-json\/wp\/v2\/media\/77598"}],"wp:attachment":[{"href":"https:\/\/www.brighettibrocciatori.com\/fr\/wp-json\/wp\/v2\/media?parent=78184"}],"wp:term":[{"taxonomy":"category","embeddable":true,"href":"https:\/\/www.brighettibrocciatori.com\/fr\/wp-json\/wp\/v2\/categories?post=78184"},{"taxonomy":"post_tag","embeddable":true,"href":"https:\/\/www.brighettibrocciatori.com\/fr\/wp-json\/wp\/v2\/tags?post=78184"}],"curies":[{"name":"wp","href":"https:\/\/api.w.org\/{rel}","templated":true}]}}