{"id":78188,"date":"2026-05-13T13:48:45","date_gmt":"2026-05-13T13:48:45","guid":{"rendered":"https:\/\/www.brighettibrocciatori.com\/2026\/05\/13\/brighetti-meccanica-inovacao-digitalizacao-e-crescimento-internacional-gracas-aos-fundos-europeus\/"},"modified":"2026-08-17T18:42:33","modified_gmt":"2026-08-17T18:42:33","slug":"brighetti-meccanica-inovacao-digitalizacao-e-crescimento-internacional-gracas-aos-fundos-europeus","status":"publish","type":"post","link":"https:\/\/www.brighettibrocciatori.com\/pt-pt\/2026\/05\/13\/brighetti-meccanica-inovacao-digitalizacao-e-crescimento-internacional-gracas-aos-fundos-europeus\/","title":{"rendered":"Brighetti Meccanica: inova\u00e7\u00e3o, digitaliza\u00e7\u00e3o e crescimento internacional gra\u00e7as aos fundos europeus"},"content":{"rendered":"\n<p class=\"wp-block-paragraph\">A Brighetti Meccanica continua a investir no desenvolvimento tecnol\u00f3gico e na competitividade da empresa atrav\u00e9s de projetos realizados com o apoio dos <strong>fundos europeus da Regi\u00e3o da Em\u00edlia-Romanha<\/strong>. Um percurso que alia inova\u00e7\u00e3o na produ\u00e7\u00e3o, digitaliza\u00e7\u00e3o dos processos e abertura a novos mercados internacionais. <\/p>\n\n<h2 class=\"wp-block-heading\">Digitaliza\u00e7\u00e3o do departamento de ferramentas e nova m\u00e1quina de afiar CNC<\/h2>\n\n<p class=\"wp-block-paragraph\">Uma das interven\u00e7\u00f5es mais importantes diz respeito \u00e0 <strong>substitui\u00e7\u00e3o da m\u00e1quina de afiar e \u00e0 digitaliza\u00e7\u00e3o do departamento de ferramentas, atrav\u00e9s da integra\u00e7\u00e3o de uma m\u00e1quina de afiar CNC<\/strong>. O projeto prev\u00ea a substitui\u00e7\u00e3o de uma m\u00e1quina de afiar obsoleta por uma de nova tecnologia, capaz de permitir um processo completo de <strong>fabrico digital<\/strong> no departamento de afia\u00e7\u00e3o. <\/p>\n\n<p class=\"wp-block-paragraph\">Este investimento representa um passo estrat\u00e9gico para a Brighetti Meccanica, porque permite tornar o departamento de ferramentas mais moderno, controlado e integrado com os sistemas da empresa. A nova afiadora est\u00e1, de facto, ligada ao sistema MES da empresa atrav\u00e9s do protocolo <strong>OPC-UA<\/strong>, permitindo a troca bidirecional de dados de produ\u00e7\u00e3o. <\/p>\n\n<p class=\"wp-block-paragraph\">A digitaliza\u00e7\u00e3o do departamento de afia\u00e7\u00e3o permite melhorar a organiza\u00e7\u00e3o do trabalho, a gest\u00e3o dos dados de produ\u00e7\u00e3o e o controlo dos processos. Num setor como o da mec\u00e2nica de precis\u00e3o, onde a fiabilidade, a repetibilidade e a qualidade s\u00e3o elementos fundamentais, a integra\u00e7\u00e3o de tecnologias CNC e sistemas digitais permite refor\u00e7ar ainda mais a efici\u00eancia produtiva. <\/p>\n\n<h2 class=\"wp-block-heading\">Um investimento ao servi\u00e7o da qualidade da produ\u00e7\u00e3o<\/h2>\n\n<p class=\"wp-block-paragraph\">Para a Brighetti Meccanica, inovar significa melhorar de forma concreta cada fase do processo de produ\u00e7\u00e3o. A substitui\u00e7\u00e3o de uma m\u00e1quina obsoleta n\u00e3o \u00e9 s\u00f3 uma atualiza\u00e7\u00e3o tecnol\u00f3gica, mas sim uma verdadeira interven\u00e7\u00e3o de moderniza\u00e7\u00e3o interna. <\/p>\n\n<p class=\"wp-block-paragraph\">O departamento de ferramentas desempenha um papel central na produ\u00e7\u00e3o da empresa, pois apoia a cria\u00e7\u00e3o e a gest\u00e3o das ferramentas destinadas \u00e0s opera\u00e7\u00f5es de usinagem. Tornar este departamento mais digital, interligado e eficiente significa aumentar a capacidade de controlo, reduzir as inefici\u00eancias e garantir uma maior continuidade na qualidade. <\/p>\n\n<p class=\"wp-block-paragraph\">Este projeto confirma a vontade da empresa de continuar num percurso de crescimento baseado na tecnologia, na compet\u00eancia t\u00e9cnica e na aten\u00e7\u00e3o \u00e0 qualidade.<\/p>\n\n<figure class=\"wp-block-image size-large\"><img fetchpriority=\"high\" decoding=\"async\" width=\"1024\" height=\"237\" src=\"https:\/\/www.brighettibrocciatori.com\/wp-content\/uploads\/2026\/04\/Screenshot-2026-04-09-alle-00.16.57-1024x237.png\" alt=\"\" class=\"wp-image-77146\" srcset=\"https:\/\/www.brighettibrocciatori.com\/wp-content\/uploads\/2026\/04\/Screenshot-2026-04-09-alle-00.16.57-1024x237.png 1024w, https:\/\/www.brighettibrocciatori.com\/wp-content\/uploads\/2026\/04\/Screenshot-2026-04-09-alle-00.16.57-300x69.png 300w, https:\/\/www.brighettibrocciatori.com\/wp-content\/uploads\/2026\/04\/Screenshot-2026-04-09-alle-00.16.57-768x178.png 768w, https:\/\/www.brighettibrocciatori.com\/wp-content\/uploads\/2026\/04\/Screenshot-2026-04-09-alle-00.16.57-1536x356.png 1536w, https:\/\/www.brighettibrocciatori.com\/wp-content\/uploads\/2026\/04\/Screenshot-2026-04-09-alle-00.16.57.png 1960w\" sizes=\"(max-width: 1024px) 100vw, 1024px\" \/><\/figure>\n\n<h2 class=\"wp-block-heading\">Participa\u00e7\u00e3o em feiras internacionais de mec\u00e2nica<\/h2>\n\n<p class=\"wp-block-paragraph\">Para al\u00e9m dos investimentos na produ\u00e7\u00e3o, a Brighetti Meccanica tamb\u00e9m desenvolveu atividades dedicadas \u00e0 promo\u00e7\u00e3o internacional. Ao longo de 2023, a empresa participou em duas importantes feiras internacionais de mec\u00e2nica: <strong>a Global Industrie, em Lyon<\/strong>, e <strong>a EMO, em Han\u00f4ver<\/strong>, com o objetivo de promover os seus produtos a n\u00edvel global. <\/p>\n\n<p class=\"wp-block-paragraph\">Estes eventos representaram uma oportunidade importante para apresentar ao mercado a capacidade de inova\u00e7\u00e3o da empresa, nomeadamente atrav\u00e9s da patente relacionada com a nova <strong>broca com passagem interna de refrigera\u00e7\u00e3o<\/strong>.<\/p>\n\n<p class=\"wp-block-paragraph\">A participa\u00e7\u00e3o em eventos internacionais de refer\u00eancia permitiu \u00e0 Brighetti Meccanica refor\u00e7ar a sua visibilidade e consolidar a rela\u00e7\u00e3o com mercados estrat\u00e9gicos para o seu desenvolvimento.<\/p>\n\n<h2 class=\"wp-block-heading\">Alemanha e Fran\u00e7a: dois mercados fundamentais para o crescimento<\/h2>\n\n<p class=\"wp-block-paragraph\">A participa\u00e7\u00e3o em feiras internacionais ajudou a aumentar a presen\u00e7a da Brighetti Meccanica em dois mercados particularmente importantes: o alem\u00e3o e o franc\u00eas. O mercado alem\u00e3o sempre foi uma \u00e1rea de grande interesse para a empresa, enquanto a Fran\u00e7a \u00e9 vista como um mercado para o qual a Brighetti pretende expandir-se de forma decidida num futuro pr\u00f3ximo. <\/p>\n\n<p class=\"wp-block-paragraph\">Esta estrat\u00e9gia confirma a vontade da empresa de valorizar o seu know-how tamb\u00e9m fora das fronteiras nacionais, levando a experi\u00eancia t\u00e9cnica italiana a contextos industriais altamente competitivos.<\/p>\n\n<h2 class=\"wp-block-heading\">Fundos europeus, tecnologia e competitividade<\/h2>\n\n<p class=\"wp-block-paragraph\">Os projetos realizados gra\u00e7as aos fundos europeus da Regi\u00e3o da Em\u00edlia-Romanha representam para a Brighetti Meccanica uma oportunidade concreta para refor\u00e7ar a sua competitividade. Por um lado, a empresa investe na digitaliza\u00e7\u00e3o do departamento de afia\u00e7\u00e3o; por outro, consolida a sua presen\u00e7a comercial e t\u00e9cnica nos mercados internacionais. <\/p>\n\n<p class=\"wp-block-paragraph\">Este duplo percurso demonstra uma vis\u00e3o clara: crescer atrav\u00e9s da inova\u00e7\u00e3o, melhorar os processos internos e valorizar no mercado produtos cada vez mais avan\u00e7ados.<\/p>\n\n<h2 class=\"wp-block-heading\">Uma vis\u00e3o voltada para o futuro<\/h2>\n\n<p class=\"wp-block-paragraph\">A mec\u00e2nica de precis\u00e3o exige investimentos constantes, atualiza\u00e7\u00e3o tecnol\u00f3gica e capacidade de responder \u00e0s necessidades de um mercado em constante evolu\u00e7\u00e3o. A Brighetti Meccanica continua o seu percurso apostando na digitaliza\u00e7\u00e3o, na automa\u00e7\u00e3o e na internacionaliza\u00e7\u00e3o. <\/p>\n\n<p class=\"wp-block-paragraph\">A substitui\u00e7\u00e3o da m\u00e1quina de afiar, a integra\u00e7\u00e3o com o sistema MES da empresa e a participa\u00e7\u00e3o nas principais feiras europeias de mec\u00e2nica s\u00e3o pe\u00e7as de uma estrat\u00e9gia mais ampla, que visa tornar a empresa cada vez mais eficiente, competitiva e reconhecida no panorama industrial internacional.<\/p>\n\n<hr class=\"wp-block-separator has-alpha-channel-opacity\"\/>\n\n<h2 class=\"wp-block-heading\">T\u00edtulo meta SEO<\/h2>\n\n<p class=\"wp-block-paragraph\">A Brighetti Meccanica investe na inova\u00e7\u00e3o e na digitaliza\u00e7\u00e3o com fundos europeus<\/p>\n\n<h2 class=\"wp-block-heading\">Descri\u00e7\u00e3o meta para SEO<\/h2>\n\n<p class=\"wp-block-paragraph\">A Brighetti Meccanica est\u00e1 a levar a cabo projetos apoiados pelos fundos europeus da Regi\u00e3o da Em\u00edlia-Romanha: digitaliza\u00e7\u00e3o do departamento de ferramentas, nova m\u00e1quina de afiar CNC e participa\u00e7\u00e3o em feiras internacionais.<\/p>\n\n<h2 class=\"wp-block-heading\">Slug recomendado<\/h2>\n\n<p class=\"wp-block-paragraph\">brighetti-mec\u00e2nica-fundos-europeus-digitaliza\u00e7\u00e3o-internacionaliza\u00e7\u00e3o informa\u00e7\u00e3o<\/p>\n\n<h2 class=\"wp-block-heading\">Frase curta para a pr\u00e9-visualiza\u00e7\u00e3o do blogue<\/h2>\n\n<p class=\"wp-block-paragraph\">A Brighetti Meccanica refor\u00e7a o seu percurso de inova\u00e7\u00e3o gra\u00e7as aos fundos europeus, investindo na digitaliza\u00e7\u00e3o do departamento de ferramentas e no crescimento nos mercados internacionais.<\/p>\n","protected":false},"excerpt":{"rendered":"<p>A Brighetti Meccanica continua a investir no desenvolvimento tecnol\u00f3gico e na competitividade da empresa atrav\u00e9s de projetos realizados com o [&hellip;]<\/p>\n","protected":false},"author":1,"featured_media":77600,"comment_status":"open","ping_status":"open","sticky":false,"template":"","format":"standard","meta":{"postBodyCss":"","postBodyMargin":[],"postBodyPadding":[],"postBodyBackground":{"backgroundType":"classic","gradient":""},"site-sidebar-layout":"default","site-content-layout":"","ast-site-content-layout":"default","site-content-style":"default","site-sidebar-style":"default","ast-global-header-display":"","ast-banner-title-visibility":"","ast-main-header-display":"","ast-hfb-above-header-display":"","ast-hfb-below-header-display":"","ast-hfb-mobile-header-display":"","site-post-title":"","ast-breadcrumbs-content":"","ast-featured-img":"","footer-sml-layout":"","ast-disable-related-posts":"","theme-transparent-header-meta":"","adv-header-id-meta":"","stick-header-meta":"","header-above-stick-meta":"","header-main-stick-meta":"","header-below-stick-meta":"","astra-migrate-meta-layouts":"default","ast-page-background-enabled":"default","ast-page-background-meta":{"desktop":{"background-color":"var(--ast-global-color-4)","background-image":"","background-repeat":"repeat","background-position":"center center","background-size":"auto","background-attachment":"scroll","background-type":"","background-media":"","overlay-type":"","overlay-color":"","overlay-opacity":"","overlay-gradient":""},"tablet":{"background-color":"","background-image":"","background-repeat":"repeat","background-position":"center center","background-size":"auto","background-attachment":"scroll","background-type":"","background-media":"","overlay-type":"","overlay-color":"","overlay-opacity":"","overlay-gradient":""},"mobile":{"background-color":"","background-image":"","background-repeat":"repeat","background-position":"center center","background-size":"auto","background-attachment":"scroll","background-type":"","background-media":"","overlay-type":"","overlay-color":"","overlay-opacity":"","overlay-gradient":""}},"ast-content-background-meta":{"desktop":{"background-color":"var(--ast-global-color-5)","background-image":"","background-repeat":"repeat","background-position":"center center","background-size":"auto","background-attachment":"scroll","background-type":"","background-media":"","overlay-type":"","overlay-color":"","overlay-opacity":"","overlay-gradient":""},"tablet":{"background-color":"var(--ast-global-color-5)","background-image":"","background-repeat":"repeat","background-position":"center center","background-size":"auto","background-attachment":"scroll","background-type":"","background-media":"","overlay-type":"","overlay-color":"","overlay-opacity":"","overlay-gradient":""},"mobile":{"background-color":"var(--ast-global-color-5)","background-image":"","background-repeat":"repeat","background-position":"center center","background-size":"auto","background-attachment":"scroll","background-type":"","background-media":"","overlay-type":"","overlay-color":"","overlay-opacity":"","overlay-gradient":""}},"footnotes":""},"categories":[543],"tags":[],"class_list":["post-78188","post","type-post","status-publish","format-standard","has-post-thumbnail","hentry","category-fundos-europeus"],"_links":{"self":[{"href":"https:\/\/www.brighettibrocciatori.com\/pt-pt\/wp-json\/wp\/v2\/posts\/78188","targetHints":{"allow":["GET"]}}],"collection":[{"href":"https:\/\/www.brighettibrocciatori.com\/pt-pt\/wp-json\/wp\/v2\/posts"}],"about":[{"href":"https:\/\/www.brighettibrocciatori.com\/pt-pt\/wp-json\/wp\/v2\/types\/post"}],"author":[{"embeddable":true,"href":"https:\/\/www.brighettibrocciatori.com\/pt-pt\/wp-json\/wp\/v2\/users\/1"}],"replies":[{"embeddable":true,"href":"https:\/\/www.brighettibrocciatori.com\/pt-pt\/wp-json\/wp\/v2\/comments?post=78188"}],"version-history":[{"count":1,"href":"https:\/\/www.brighettibrocciatori.com\/pt-pt\/wp-json\/wp\/v2\/posts\/78188\/revisions"}],"predecessor-version":[{"id":78189,"href":"https:\/\/www.brighettibrocciatori.com\/pt-pt\/wp-json\/wp\/v2\/posts\/78188\/revisions\/78189"}],"wp:featuredmedia":[{"embeddable":true,"href":"https:\/\/www.brighettibrocciatori.com\/pt-pt\/wp-json\/wp\/v2\/media\/77600"}],"wp:attachment":[{"href":"https:\/\/www.brighettibrocciatori.com\/pt-pt\/wp-json\/wp\/v2\/media?parent=78188"}],"wp:term":[{"taxonomy":"category","embeddable":true,"href":"https:\/\/www.brighettibrocciatori.com\/pt-pt\/wp-json\/wp\/v2\/categories?post=78188"},{"taxonomy":"post_tag","embeddable":true,"href":"https:\/\/www.brighettibrocciatori.com\/pt-pt\/wp-json\/wp\/v2\/tags?post=78188"}],"curies":[{"name":"wp","href":"https:\/\/api.w.org\/{rel}","templated":true}]}}